{"provider_url": "https://www.alvaresmachado.sp.leg.br", "title": "C\u00e2mara Mirim ", "html": "<p>Alunos pr\u00e9-selecionados pela escola assumir\u00e1 o cargo de vereadores por um dia.\u00a0</p>", "author_name": "bruna", "version": "1.0", "author_url": "https://www.alvaresmachado.sp.leg.br/author/bruna", "provider_name": "C\u00e2mara Municipal de \u00c1lvares Machado", "type": "rich"}