{"provider_url": "https://www.alvaresmachado.sp.leg.br", "title": "Pontos Tur\u00edsticos e Culturais", "html": "<p style=\"text-align: center; \"><strong>Cemit\u00e9rio Japon\u00eas</strong></p>\r\n<p style=\"text-align: center; \"><strong><img src=\"https://www.alvaresmachado.sp.leg.br/institucional/fotos/alvares-machado-2/download.jpg/@@images/651a3a3c-3c88-45d5-88fa-6c22df0c1b99.jpeg\" alt=\"download.jpg\" class=\"image-inline\" title=\"download.jpg\" /></strong></p>\r\n<p style=\"text-align: justify; \"><span style=\"text-align: justify; \">\u00a0</span><span style=\"text-align: justify; \">Em 1918, os primeiros colonos japoneses que chegaram em Gleba Brej\u00e3o enfrentaram muitas dificuldades de adapta\u00e7\u00e3o. Uma delas dizia respeito ao sepultamento de seus mortos, devido \u00e0 mudan\u00e7a do ritual f\u00fanebre e \u00e0 dist\u00e2ncia entre as suas resid\u00eancias e o cemit\u00e9rio. Para resolver este problema, em 1919, a Associa\u00e7\u00e3o Japonesa de \u00c1lvares Machado construiu um novo cemit\u00e9rio denominado \u201cShokonsai\u201d. Os t\u00famulos, traduzindo os costumes orientais, em geral, s\u00e3o em alvenaria de tijolos, com base quadrada sobre a qual se ap\u00f3ia um elemento vertical, \u00e0s vezes em pedra, com inscri\u00e7\u00f5es em ideogramas japoneses. O tombamento inclui, al\u00e9m da \u00e1rea do cemit\u00e9rio, uma escola, um palco e uma casa constru\u00edda em madeira.</span></p>\r\n<p style=\"text-align: justify; \"><span style=\"text-align: justify; \"><br /></span></p>\r\n<p style=\"text-align: center; \"><strong><span style=\"text-align: justify; \">Igreja Budista Anakuji</span></strong></p>\r\n<p style=\"text-align: center; \"><strong><span style=\"text-align: justify; \"><img src=\"https://www.alvaresmachado.sp.leg.br/institucional/fotos/alvares-machado-2/igreja-anakuji/@@images/5f0f87f9-1ad7-4459-b69b-923dc3d813b4.jpeg\" alt=\"igreja anakuji\" class=\"image-inline\" title=\"igreja anakuji\" /></span></strong></p>\r\n<p style=\"text-align: left; \"><span style=\"text-align: justify; \">\u00a0O templo Anakuji<span>, na rua Monsenhor Nakamura, foi preciso uma autoriza\u00e7\u00e3o para a constru\u00e7\u00e3o, pois a religi\u00e3o oficial do pa\u00eds na \u00e9poca era o catolicismo. Assim que concedida foi levantada a primeira torre de oss\u00e1rios do Brasil, inaugurada em 18 de junho de 1950.</span></span></p>\r\n<p style=\"text-align: left; \"><span style=\"text-align: justify; \"><span><br /></span></span></p>\r\n<p style=\"text-align: center; \"><strong>Museu do Padre Nakamura (<a href=\"https://pt.wikipedia.org/wiki/Domingos_Chohachi_Nakamura\" title=\"Domingos Chohachi Nakamura\">Monsenhor Domingos Nakamura</a>)</strong></p>\r\n<p style=\"text-align: center; \"><strong><img src=\"https://www.alvaresmachado.sp.leg.br/institucional/fotos/alvares-machado-2/museu.jpg/@@images/fe346773-7cd0-47b8-a661-0922303fa94e.jpeg\" alt=\"museu.jpg\" class=\"image-inline\" title=\"museu.jpg\" /></strong></p>\r\n<p style=\"text-align: justify; \">O padre japon\u00eas Domingos Nakamura, que em 1923 veio para o Brasil, na cidade de \u00c1lvares Machado, com a miss\u00e3o de evangelizar os imigrantes que chegavam ao Pa\u00eds e ao munic\u00edpio.\u00a0<span>Em sua homenagem foi inaugurado, em \u00c1lvares Machado, no dia 17 de Mar\u00e7o de 1991 o \"Memorial Monsenhor Domingos Nakamura\", com a participa\u00e7\u00e3o hist\u00f3rica dos imigrantes japoneses e seus descendentes.\u00a0</span><span>Seu t\u00famulo \u00e9 visitado com muita freq\u00fc\u00eancia por seus seguidores, simpatizantes e admiradores.\u00a0</span></p>\r\n<p style=\"text-align: justify; \">\u00a0</p>\r\n<p style=\"text-align: center; \"><strong>Museu Hist\u00f3rico Municipal \"Manoel Francisco de Oliveira\"</strong></p>\r\n<p style=\"text-align: center; \"><strong><img src=\"https://www.alvaresmachado.sp.leg.br/institucional/fotos/alvares-machado-2/museu/@@images/5ef35fb7-32ac-47c2-be41-966e08351e5d.jpeg\" alt=\"Museu\" class=\"image-inline\" title=\"Museu\" /></strong></p>\r\n<p style=\"text-align: justify; \"><span style=\"text-align: justify; \">O Museu Hist\u00f3rico Municipal \u201cManoel Francisco de Oliveira\u201d foi inaugurado no dia 07 de junho de 2008, com o apoio financeiro da Funda\u00e7\u00e3o para o Amparo da Ci\u00eancia do Estado de S\u00e3o Paulo \u2013 FAPESP.\u00a0</span><span>O Projeto\u00a0</span><em>\u201cA cria\u00e7\u00e3o de um Centro Cultural (museu) no munic\u00edpio de \u00c1lvares Machado \u2013 SP e sua a\u00e7\u00e3o Educativa e Tur\u00edstica\u201d</em><span>\u00a0teve o seu in\u00edcio em dezembro de 2006.\u00a0</span><span>A cria\u00e7\u00e3o de um Centro Cultural (Museu) em \u00c1lvares Machado era um sonho antigo. A Comiss\u00e3o de Cria\u00e7\u00e3o do Museu em \u00c1lvares Machado foi formada em 2003, e vem, desde ent\u00e3o, amealhando um acervo sobre a hist\u00f3ria de \u00c1lvares Machado. \u00c9 muito frequentado por alunos, historiadores e pessoas que desejam conhecer um pouco de nossa hist\u00f3ria.</span></p>\r\n<p style=\"text-align: justify; \"><span><br /></span></p>\r\n<p style=\"text-align: center; \"><strong>Pra\u00e7a da Bandeira</strong></p>\r\n<p style=\"text-align: center; \"><strong><img src=\"https://www.alvaresmachado.sp.leg.br/institucional/fotos/alvares-machado-2/praca-da-bandeira/@@images/8ff00ab2-3ba0-43e2-a661-75142548b8be.jpeg\" alt=\"pra\u00e7a da bandeira\" class=\"image-inline\" title=\"pra\u00e7a da bandeira\" /></strong></p>\r\n<p style=\"text-align: justify; \">Esta pra\u00e7a situada de frente com a Prefeitura Municipal, \u00e9 uma das primeiras pra\u00e7as de nosso munic\u00edpio. Com uma estrutura verde exuberante e bem conservada, a pra\u00e7a \u00e9 frequentada por familiares e pessoas que passam pelo espa\u00e7o, servindo como lugar de descanso e aprecia\u00e7\u00e3o.</p>\r\n<p style=\"text-align: center; \"><strong>\u00a0</strong></p>\r\n<p style=\"text-align: center; \"><strong>\u00a0</strong><strong>Pra\u00e7a Get\u00falio Vargas</strong></p>\r\n<p style=\"text-align: center; \"><strong><img src=\"https://www.alvaresmachado.sp.leg.br/institucional/fotos/alvares-machado-2/36766199_1288909171244542_207298701075415040_n.jpg/@@images/bef2dad4-b387-49bd-aa96-e88dbd89d5e6.jpeg\" alt=\"36766199_1288909171244542_207298701075415040_n.jpg\" class=\"image-inline\" title=\"36766199_1288909171244542_207298701075415040_n.jpg\" /></strong></p>\r\n<p style=\"text-align: center; \"><strong><img src=\"https://www.alvaresmachado.sp.leg.br/institucional/fotos/alvares-machado-2/praca%20getulio.jpg/@@images/7ed889b1-224a-413f-bec9-eb3ef9b99474.jpeg\" alt=\"pra\u00e7a getulio.jpg\" class=\"image-inline\" title=\"pra\u00e7a getulio.jpg\" /></strong></p>\r\n<p style=\"text-align: justify; \">Dando acesso ao Centro da cidade, a pra\u00e7a Get\u00falio Vargas, carrega um hist\u00f3rico enorme. Reformada a pouco tempo, conta com uma estrutura confort\u00e1vel, c\u00f4moda, trazendo muitas fam\u00edlias, crian\u00e7as e adolescentes a ela, principalmente durante a noite e aos finais de semana. Um \u00f3timo lugar para uma longa conversa e uma agrad\u00e1vel espa\u00e7o para reunir pessoas.</p>\r\n<p style=\"text-align: center; \"><strong>\u00a0</strong></p>\r\n<p style=\"text-align: center; \"><strong>Pra\u00e7a da Igreja Matriz S\u00e3o Jos\u00e9</strong></p>\r\n<p style=\"text-align: center; \"><strong><img src=\"https://www.alvaresmachado.sp.leg.br/institucional/fotos/alvares-machado-2/igreja%20sao%20jose.jpg/@@images/f60c78a8-9585-4a8a-9fa5-70d26cbb3cb3.jpeg\" alt=\"igreja sao jose.jpg\" class=\"image-inline\" title=\"igreja sao jose.jpg\" /></strong></p>\r\n<p style=\"text-align: justify; \">Localizada na rua\u00a0Vicente Garc\u00eda, a igreja cat\u00f3lica Central, oferece comodidade e espa\u00e7o para todos os crist\u00e3os que desejam assistir as celebra\u00e7\u00f5es durante toda a semana. Reformada recentemente, a igreja \u00e9 hoje um ponto tur\u00edstico para todos os fieis que desejam estar em nossa cidade.</p>\r\n<p style=\"text-align: center; \"><strong>\u00a0</strong></p>\r\n<p style=\"text-align: center; \"><strong></strong><strong>Santu\u00e1rio Morada de Deus</strong></p>\r\n<p style=\"text-align: center; \"><strong>\u00a0<img src=\"https://www.alvaresmachado.sp.leg.br/institucional/fotos/alvares-machado-2/santuario.jpg/@@images/bdcda851-668a-4a02-b03b-0b99c1899685.jpeg\" alt=\"santuario.jpg\" class=\"image-inline\" title=\"santuario.jpg\" /></strong></p>\r\n<p style=\"text-align: justify; \">Este local, constru\u00eddo \u00e0s margens da Rodovia Raposo Tavares foi idealizado pelo ex-prefeito de Prudente, Agripino lima.\u00a0<span>Ao longo do trajeto, voc\u00ea encontrar\u00e1 v\u00e1rias esta\u00e7\u00f5es, representando o supl\u00edcio de Jesus Cristo desde a \u00daltima Ceia at\u00e9 sua Crucifica\u00e7\u00e3o.\u00a0</span><span>S\u00e3o est\u00e1tuas em tamanho real e muito realistas mesmo, que emocionam bastante.\u00a0</span><span>Tamb\u00e9m existem muitas \u00e1rvores coloridas e \u00e1reas verdes.\u00a0</span><span>Quase no fim do trajeto, existe um estacionamento enorme, preparado para receber inclusive \u00f4nibus de excurs\u00f5es.\u00a0</span><span>E no topo, a cereja do bolo, uma bel\u00edssima igreja toda em vitrais coloridos, em um visual maravilhoso interno e externo por meio da observa\u00e7\u00e3o da natureza.\u00a0<span>O local tem entrada gratuita e est\u00e1 aberto, diariamente, no\u00a0</span><span>hor\u00e1rio</span><span>\u00a0das 8h \u00e0s 17h.</span></span></p>\r\n<p style=\"text-align: justify; \"><span><span><br /></span></span></p>\r\n<p style=\"text-align: center; \"><strong>Hotel Resort Campo Belo</strong></p>\r\n<p style=\"text-align: center; \"><strong>\u00a0</strong><img src=\"https://www.alvaresmachado.sp.leg.br/institucional/fotos/alvares-machado-2/campo%20belo.jpg/@@images/ebba6c5e-25a6-49a9-96dd-023166dd9d9f.jpeg\" alt=\"campo belo.jpg\" class=\"image-inline\" title=\"campo belo.jpg\" /></p>\r\n<p style=\"text-align: justify; \"><span>Hoje o Campo Belo Resort possui infra estrutura completa de conforto, lazer e divers\u00e3o. O Campo Belo Resort possui parque aqu\u00e1tico com piscinas para crian\u00e7as, piscinas com cascata, bar e hidromassagem, 2 piscinas biribol, 1 piscina aquecida coberta e 1 piscina aquecida sem cobertura, parque aqu\u00e1tico com um total de 2.000m2 de piscina, bar molhado, com toda a estrutura de buffet, com aperitivos, bebidas, sauna seca e molhada, al\u00e9m de esportes de aventura, passeios e em contato direto com a natureza. \u00c9 um \u00f3timo lugar para quem deseja passar um final de semana, ou at\u00e9 as esperadas ferias.</span></p>\r\n<p style=\"text-align: justify; \"><span><span>Estrada Vereador Jos\u00e9 Molina, Km 3,7 - Zona Rural, \u00c1lvares Machado\u00a0</span></span></p>\r\n<p style=\"text-align: justify; \"><span><span><span>(18) 2101-7070</span></span></span></p>\r\n<p style=\"text-align: center; \"><strong>\u00a0</strong></p>\r\n<p style=\"text-align: center; \"><strong>Clube de Motocross e Aeromodelismo Costa &amp; Cia Lazer</strong></p>\r\n<p style=\"text-align: center; \"><strong>\u00a0<img src=\"https://www.alvaresmachado.sp.leg.br/institucional/fotos/alvares-machado-2/aero.jpg/@@images/c900d414-58ae-4ba2-8dc7-4921c775e337.jpeg\" alt=\"aero.jpg\" class=\"image-inline\" title=\"aero.jpg\" /></strong></p>\r\n<p style=\"text-align: justify; \">Iniciado os trabalhos em 2001, o lugar de muito lazer e divers\u00e3o, veio ganhando destaque como ponto tur\u00edstico de nossa cidade. Onde j\u00e1 se passaram por aqui muitos reconhecidos nomes do motocross brasileiro.\u00a0<span>Hoje possui uma estrutura bem desenvolvida, com pista de ultraleve, pista de motocross, pista de aeromodelismo, restaurante e alojamentos com ar e wifi. Realizam diversos eventos</span><span>\u00a0durante o ano, oferecendo aos visitantes natureza, comodidade e divers\u00e3o.</span></p>\r\n<p style=\"text-align: center; \">\u00a0</p>\r\n<p style=\"text-align: center; \"><strong>Balne\u00e1rio da Amizade</strong></p>\r\n<p style=\"text-align: center; \"><strong><img src=\"https://www.alvaresmachado.sp.leg.br/institucional/fotos/alvares-machado-2/36671414_1288909144577878_7866711525837242368_n.jpg/@@images/c2a9bb5d-4cae-4785-83a4-1453a9e52bbf.jpeg\" alt=\"36671414_1288909144577878_7866711525837242368_n.jpg\" class=\"image-inline\" title=\"36671414_1288909144577878_7866711525837242368_n.jpg\" /></strong></p>\r\n<p style=\"text-align: center; \"><strong>\u00a0</strong><img src=\"https://www.alvaresmachado.sp.leg.br/institucional/fotos/alvares-machado-2/balneario.jpg/@@images/428bb711-ecd3-41a1-ada7-927b64333ae0.jpeg\" alt=\"balneario.jpg\" class=\"image-inline\" title=\"balneario.jpg\" /></p>\r\n<p style=\"text-align: justify; \"><span>O Balne\u00e1rio da Amizade \u00e9 o mais estruturado balne\u00e1rio publico do Oeste Paulista. O acesso \u00e9 gratuito.\u00a0<span>O Balne\u00e1rio da Amizade \u00e9 um \u00f3timo lugar para lazer e praticar esportes, tendo uma vista agrad\u00e1vel, quiosques e outros atrativos. Foi reformado recentemente, \u00e9 de f\u00e1cil acesso e local ideal para levar a fam\u00edlia.</span></span></p>\r\n<p style=\"text-align: justify; \"><span><span>Localizado na Estrada da Amizade, logo na divisa entre a cidade de Presidente Prudente e \u00c1lvares Machado.</span></span></p>\r\n<p style=\"text-align: center; \">\u00a0</p>\r\n<p style=\"text-align: center; \"><strong>Esta\u00e7\u00e3o Ferrovi\u00e1ria</strong></p>\r\n<p style=\"text-align: center; \"><strong>\u00a0<img src=\"https://www.alvaresmachado.sp.leg.br/institucional/fotos/alvares-machado-2/estacao.jpg/@@images/75bbeb7a-7010-44a6-8b94-0eac59ed7b4c.jpeg\" alt=\"esta\u00e7\u00e3o.jpg\" class=\"image-inline\" title=\"esta\u00e7\u00e3o.jpg\" /></strong></p>\r\n<p style=\"text-align: justify; \">A hist\u00f3ria de \u00c1lvares Machado, seu povoamento, est\u00e1 diretamente ligada a esse pr\u00e9dio. Ap\u00f3s a chegada dos trilhos da estrada de ferro Sorocabana, imigrantes vieram para a regi\u00e3o em busca de novas terras para a agricultura, povoando o munic\u00edpio.\u00a0O pr\u00e9dio localiza-se em uma das entradas da cidade, na estrada Arthur Boigues Filho, que liga \u00c1lvares Machado a Presidente Prudente. Constitui-se como um cart\u00e3o postal da cidade, e possui um valor hist\u00f3rico inestim\u00e1vel, um exemplar do primeiro estilo arquitet\u00f4nico brasileiro, em estilo neocolonial.</p>\r\n<p style=\"text-align: justify; \">\u00a0</p>\r\n<p style=\"text-align: center; \"><strong>Campo Paulista</strong></p>\r\n<p style=\"text-align: center; \"><img src=\"https://www.alvaresmachado.sp.leg.br/institucional/fotos/alvares-machado-2/campo-paulista/@@images/19ab933d-47f0-4a2c-b545-2458e4fb17ef.png\" alt=\"campo paulista\" class=\"image-inline\" title=\"campo paulista\" /></p>\r\n<p style=\"text-align: justify; \">O futebol em \u00c1lvares Machado se iniciou por meio deste campo, que se deu o nome devido ao time criado em 1933, Paulista Futebol Clube. Hoje n\u00e3o muito utilizado, mas parte da hist\u00f3ria Machadense, o campo recebe amantes da hist\u00f3ria do futebol na cidade.\u00a0</p>\r\n<p style=\"text-align: justify; \">\u00a0</p>\r\n<p style=\"text-align: justify; \">BAIXEM O CART\u00c3O POSTAL:\u00a0<a class=\"external-link\" href=\"https://www.alvaresmachado.sp.leg.br/institucional/a-cidade/cartao-postal/view\" target=\"_self\" title=\"\">https://www.alvaresmachado.sp.leg.br/institucional/a-cidade/cartao-postal/view</a></p>", "author_name": "ariane", "version": "1.0", "author_url": "https://www.alvaresmachado.sp.leg.br/author/ariane", "provider_name": "C\u00e2mara Municipal de \u00c1lvares Machado", "type": "rich"}