{"provider_url": "https://www.alvaresmachado.sp.leg.br", "title": "Hist\u00f3ria", "html": "<p style=\"text-align: center; \"><img src=\"https://www.alvaresmachado.sp.leg.br/institucional/fotos/alvares-machado-2/alvares-machado-1/@@images/543b13af-769e-449f-a142-a615393ffcec.jpeg\" alt=\"alvares machado\" class=\"image-inline\" title=\"alvares machado\" /></p>\r\n<p style=\"text-align: center; \">(\u00c1lvares Machado)</p>\r\n<p style=\"text-align: center; \"><img src=\"https://www.alvaresmachado.sp.leg.br/institucional/fotos/alvares-machado-2/pq-dos-pinheiros/@@images/34e5c0c1-c8e3-478b-992f-5c2f886afc71.png\" alt=\"Pq dos Pinheiros\" class=\"image-inline\" title=\"Pq dos Pinheiros\" /></p>\r\n<p style=\"text-align: center; \">(Jardim Panorama e Parque dos Pinheiros)</p>\r\n<p style=\"text-align: center; \"><img src=\"https://www.alvaresmachado.sp.leg.br/institucional/fotos/alvares-machado-2/cel-goulart/@@images/8a9afe8f-75a1-43d6-833a-308d42299d61.png\" alt=\"Cel Goulart\" class=\"image-inline\" title=\"Cel Goulart\" /></p>\r\n<p style=\"text-align: center; \">(Distrito Coronel Goulart)</p>\r\n<p style=\"text-align: center; \">\u00a0</p>\r\n<p style=\"text-align: justify; \"><span>A Estrada de Ferro Sorocabana foi fundada em 1872 e o primeiro trecho da linha foi aberto, em 1875, at\u00e9 Sorocaba, trazendo imigrantes para a regi\u00e3o.</span></p>\r\n<p style=\"text-align: justify; \">\u00a0Em 19 de mar\u00e7o de 1916, aportou na regi\u00e3o, procedente da cidade mineira de Alfenas, o brasileiro Manoel Francisco de Oliveira. A primeira noite ele passou sob uma figueira, cujo local mais tarde passou a ser conhecido como \"Brej\u00e3o\", o n\u00facleo inicial do futuro munic\u00edpio de \u00c1lvares Machado.</p>\r\n<p style=\"text-align: justify; \">Trazendo na bagagem muitos sonhos e vontade de vencer, chegaram por volta de 1916 os primeiros imigrantes japoneses, no bairro Brej\u00e3o - ber\u00e7o do que \u00e9 hoje \u00c1lvares Machado. O agricultor Itiro Hoshino, que veio para explorar as terras, adquiriu de in\u00edcio 3.000 alqueires e depois mais 2.000, de terras que pertenciam ao munic\u00edpio de Santo Anast\u00e1cio. Em 1916 vieram Issotaro Ide, Tomozo Aoki, Sanzo Hirata e Saroko Aoki, quando iniciaram a forma\u00e7\u00e3o da Col\u00f4nia Japonesa em \u00c1lvares Machado. Logo ap\u00f3s, a leva de orientais vinda para o interior de S\u00e3o Paulo era constante. Entre 1920 a 1925 j\u00e1 existiam na col\u00f4nia mais de 30 fam\u00edlias no Brej\u00e3o. No inicio da coloniza\u00e7\u00e3o, \u00c1lvares Machado pertencia \u00e0 Comarca de Paragua\u00e7u Paulista, um patrim\u00f4nio chamado Concei\u00e7\u00e3o de Monte Alegre. Os sepultamentos eram realizados em Presidente Prudente, num antigo cemit\u00e9rio onde, hoje, se localiza a Rodovi\u00e1ria. As doen\u00e7as eram intensas, v\u00e1rias pessoas morriam e n\u00e3o havia a possibilidade de ficar levando os mortos at\u00e9 Presidente Prudente. Por isso, reuniu-se uma comitiva de japoneses e foi at\u00e9 Monte Alegre, solicitar uma autoriza\u00e7\u00e3o para fundar um cemit\u00e9rio com o nome de Cemit\u00e9rio Japon\u00eas em 1918.</p>\r\n<p style=\"text-align: justify; \">No ano de 1921, Manoel Francisco de Oliveira iniciou um loteamento dando-lhe o nome de Patrim\u00f4nio S\u00e3o Luiz.</p>\r\n<p style=\"text-align: justify; \">No mesmo ano, o Governo do Estado de S\u00e3o Paulo mudou a designa\u00e7\u00e3o da Esta\u00e7\u00e3o da Estrada de Ferro Brej\u00e3o para \u00c1lvares Machado, em homenagem ao cientista pol\u00edtico do Imp\u00e9rio, Francisco \u00c1lvares Machado e Vasconcelos.</p>\r\n<p style=\"text-align: justify; \">Francisco \u00c1lvares Machado foi m\u00e9dico famoso, pioneiro da oftalmologia brasileira, sendo um dos primeiros cirurgi\u00f5es a praticar a opera\u00e7\u00e3o com trepano, em nosso pa\u00eds. Foi, tamb\u00e9m, deputado geral em v\u00e1rias legislaturas, de 1834 a 1846, tendo falecido a 04 de julho de 1846, em plena atividade parlamentar. Como tributo, liderou a campanha da maioridade e posteriormente, antecedendo Duque de Caxias, assumiu a Presid\u00eancia da Prov\u00edncia do Rio Grande do Sul, em 1840.</p>\r\n<p style=\"text-align: justify; \">\u00a0A procura de novas terras para agricultura e a facilidade de transporte para os centros consumidores, foram elementos preponderantes no desenvolvimento local, possibilitando seu r\u00e1pido povoamento.</p>\r\n<p style=\"text-align: justify; \">Em 26 de dezembro de 1927, pela Lei n\u00ba 2.242, o patrim\u00f4nio foi elevado a Distrito de Paz, pertencente a Presidente Prudente. Em 30 de novembro de 1944 elevou-se a munic\u00edpio, sendo agregado a seu territ\u00f3rio, partes das terras de Presidente Prudente.</p>\r\n<p style=\"text-align: justify; \">\u00a0O munic\u00edpio constitu\u00eda-se dos Distritos de Paz de \u00c1lvares Machado, Alfredo Marcondes e Coronel Goulart. Em 24 de dezembro de 1948, pela Lei 232 foi desanexado o distrito de Alfredo Marcondes.</p>\r\n<p style=\"text-align: justify; \">Para saber mais acesse:</p>\r\n<p style=\"text-align: justify; \"><a class=\"external-link\" href=\"https://www.alvaresmachado.sp.leg.br/institucional/a-cidade/historia-machado.pdf/at_download/file\" target=\"_self\" title=\"\">https://www.alvaresmachado.sp.leg.br/institucional/a-cidade/historia-machado.pdf/at_download/file</a></p>", "author_name": "ariane", "version": "1.0", "author_url": "https://www.alvaresmachado.sp.leg.br/author/ariane", "provider_name": "C\u00e2mara Municipal de \u00c1lvares Machado", "type": "rich"}